{"id":27459,"date":"2024-09-16T10:46:48","date_gmt":"2024-09-16T10:46:48","guid":{"rendered":"https:\/\/www.waldevar.com\/?p=27459"},"modified":"2024-09-16T10:56:31","modified_gmt":"2024-09-16T10:56:31","slug":"green-energy-conference-bucuresti-12-septembrie-2024","status":"publish","type":"post","link":"https:\/\/www.waldevar.com\/ro\/conferinta-energie-verde-bucuresti-12-septembrie-2024\/","title":{"rendered":"Green Energy Conference, Bucure\u0219ti - 12 septembrie 2024"},"content":{"rendered":"<div data-elementor-type=\"wp-post\" data-elementor-id=\"27459\" class=\"elementor elementor-27459\" data-elementor-post-type=\"post\">\n\t\t\t\t<div class=\"elementor-element elementor-element-6a6bd521 e-flex e-con-boxed sc_inner_width_none sc_layouts_column_icons_position_left e-con e-parent\" data-id=\"6a6bd521\" data-element_type=\"container\">\n\t\t\t\t\t<div class=\"e-con-inner\">\n\t\t\t\t<div class=\"elementor-element elementor-element-43796036 sc_fly_static elementor-widget elementor-widget-text-editor\" data-id=\"43796036\" data-element_type=\"widget\" data-widget_type=\"text-editor.default\">\n\t\t\t\t<div class=\"elementor-widget-container\">\n\t\t\t\t\t\t\t<p><span style=\"font-size: 18pt;\">GREEN ENERGY CONFERENCE - 12 septembrie 2024, Bucure\u0219ti<\/span><\/p><p>\u00cen fa\u021ba unor provoc\u0103ri de mediu f\u0103r\u0103 precedent, GREEN ENERGY CONFERENCE \u0219i-a propus s\u0103 reuneasc\u0103 cei mai importan\u021bi juc\u0103tori din pia\u021ba de energie pentru a discuta tendin\u021bele industriei \u0219i a g\u0103si solu\u021bii sustenabile. De la panourile solare care exploateaz\u0103 puterea celor mai apropiate stele de noi la turbinele eoliene care danseaz\u0103 gra\u021bios cu briza, peisajul energiei durabile evolueaz\u0103 \u00eentr-un ritm f\u0103r\u0103 precedent \u0219i de aceea The Diplomat-Bucharest a organizat impecabil la Inter Continental Ath\u00e9n\u00e9e Palace Bucure\u0219ti, aceast\u0103 conferin\u021b\u0103 deschiz\u0103toare de drumuri. <br \/>\u00cen panelul de discu\u021bii WALDEVAR Energy a fost reprezentat\u0103 de Christian Leonte, CEO WALDEVAR Holding. \u00centreaga conferin\u021b\u0103 o pute\u021bi viziona <a href=\"https:\/\/www.youtube.com\/watch?v=aD6n-EEf104\" target=\"_blank\" rel=\"noopener\">AICI<\/a><\/p><p><img fetchpriority=\"high\" decoding=\"async\" class=\"alignnone size-full wp-image-27462\" src=\"https:\/\/www.waldevar.com\/wp-content\/uploads\/2024\/09\/WALDEVAR-ENERGY-Christian-Leonte.jpg\" alt=\"\" width=\"2000\" height=\"1500\" srcset=\"https:\/\/www.waldevar.com\/wp-content\/uploads\/2024\/09\/WALDEVAR-ENERGY-Christian-Leonte.jpg 2000w, https:\/\/www.waldevar.com\/wp-content\/uploads\/2024\/09\/WALDEVAR-ENERGY-Christian-Leonte-300x225.jpg 300w, https:\/\/www.waldevar.com\/wp-content\/uploads\/2024\/09\/WALDEVAR-ENERGY-Christian-Leonte-1024x768.jpg 1024w, https:\/\/www.waldevar.com\/wp-content\/uploads\/2024\/09\/WALDEVAR-ENERGY-Christian-Leonte-768x576.jpg 768w, https:\/\/www.waldevar.com\/wp-content\/uploads\/2024\/09\/WALDEVAR-ENERGY-Christian-Leonte-1536x1152.jpg 1536w, https:\/\/www.waldevar.com\/wp-content\/uploads\/2024\/09\/WALDEVAR-ENERGY-Christian-Leonte-16x12.jpg 16w, https:\/\/www.waldevar.com\/wp-content\/uploads\/2024\/09\/WALDEVAR-ENERGY-Christian-Leonte-370x278.jpg 370w, https:\/\/www.waldevar.com\/wp-content\/uploads\/2024\/09\/WALDEVAR-ENERGY-Christian-Leonte-840x630.jpg 840w, https:\/\/www.waldevar.com\/wp-content\/uploads\/2024\/09\/WALDEVAR-ENERGY-Christian-Leonte-410x308.jpg 410w\" sizes=\"(max-width: 2000px) 100vw, 2000px\" \/><\/p>\t\t\t\t\t\t<\/div>\n\t\t\t\t<\/div>\n\t\t\t\t\t<\/div>\n\t\t\t\t<\/div>\n\t\t\t\t<\/div>","protected":false},"excerpt":{"rendered":"<p>GREEN ENERGY CONFERENCE &#8211; 12 septembrie 2024, Bucure\u0219ti \u00cen fa\u021ba unor provoc\u0103ri de mediu f\u0103r\u0103&hellip;<\/p>","protected":false},"author":1,"featured_media":27446,"comment_status":"closed","ping_status":"closed","sticky":false,"template":"","format":"standard","meta":{"_acf_changed":false,"inline_featured_image":false,"footnotes":""},"categories":[217,220],"tags":[],"class_list":["post-27459","post","type-post","status-publish","format-standard","has-post-thumbnail","hentry","category-articole","category-stiri"],"acf":[],"_links":{"self":[{"href":"https:\/\/www.waldevar.com\/ro\/wp-json\/wp\/v2\/posts\/27459","targetHints":{"allow":["GET"]}}],"collection":[{"href":"https:\/\/www.waldevar.com\/ro\/wp-json\/wp\/v2\/posts"}],"about":[{"href":"https:\/\/www.waldevar.com\/ro\/wp-json\/wp\/v2\/types\/post"}],"author":[{"embeddable":true,"href":"https:\/\/www.waldevar.com\/ro\/wp-json\/wp\/v2\/users\/1"}],"replies":[{"embeddable":true,"href":"https:\/\/www.waldevar.com\/ro\/wp-json\/wp\/v2\/comments?post=27459"}],"version-history":[{"count":4,"href":"https:\/\/www.waldevar.com\/ro\/wp-json\/wp\/v2\/posts\/27459\/revisions"}],"predecessor-version":[{"id":27465,"href":"https:\/\/www.waldevar.com\/ro\/wp-json\/wp\/v2\/posts\/27459\/revisions\/27465"}],"wp:featuredmedia":[{"embeddable":true,"href":"https:\/\/www.waldevar.com\/ro\/wp-json\/wp\/v2\/media\/27446"}],"wp:attachment":[{"href":"https:\/\/www.waldevar.com\/ro\/wp-json\/wp\/v2\/media?parent=27459"}],"wp:term":[{"taxonomy":"category","embeddable":true,"href":"https:\/\/www.waldevar.com\/ro\/wp-json\/wp\/v2\/categories?post=27459"},{"taxonomy":"post_tag","embeddable":true,"href":"https:\/\/www.waldevar.com\/ro\/wp-json\/wp\/v2\/tags?post=27459"}],"curies":[{"name":"wp","href":"https:\/\/api.w.org\/{rel}","templated":true}]}}